{"id":175,"date":"2018-08-02T14:09:31","date_gmt":"2018-08-02T12:09:31","guid":{"rendered":"https:\/\/jocoenfer.coecadiz.com\/?p=175"},"modified":"2018-08-02T14:14:23","modified_gmt":"2018-08-02T12:14:23","slug":"ya-puedes-enviar-tus-trabajos-a-las-iii-jornadas-sobre-conocimiento-enfermero","status":"publish","type":"post","link":"https:\/\/jocoenfer.coecadiz.com\/?p=175","title":{"rendered":"Ya puedes enviar tus trabajos a las III Jornadas sobre Conocimiento Enfermero"},"content":{"rendered":"<p style=\"text-align: left;\"><strong><img loading=\"lazy\" class=\" wp-image-176 alignleft\" src=\"https:\/\/jocoenfer.coecadiz.com\/wp-content\/uploads\/2018\/08\/catel-III-J.CONOCIMIENTO-ENFERMERO-A3-ver-27-7-225x300.jpg\" alt=\"\" width=\"183\" height=\"244\" srcset=\"https:\/\/jocoenfer.coecadiz.com\/wp-content\/uploads\/2018\/08\/catel-III-J.CONOCIMIENTO-ENFERMERO-A3-ver-27-7-225x300.jpg 225w, https:\/\/jocoenfer.coecadiz.com\/wp-content\/uploads\/2018\/08\/catel-III-J.CONOCIMIENTO-ENFERMERO-A3-ver-27-7-768x1024.jpg 768w, https:\/\/jocoenfer.coecadiz.com\/wp-content\/uploads\/2018\/08\/catel-III-J.CONOCIMIENTO-ENFERMERO-A3-ver-27-7.jpg 1008w\" sizes=\"(max-width: 183px) 100vw, 183px\" \/>Si has participado con comunicaciones a un evento cient\u00edfico, has publicado tu trabajo en una revista cient\u00edfica, defendido tu tesis doctoral, trabajo fin de M\u00e1ster o trabajo fin de EIR en el periodo de 1 de enero de 2017 a 30 de junio de 2018, an\u00edmate a compartir tus resultados con el colectivo enfermero de nuestra provincia<\/strong><\/p>\n<p style=\"text-align: left;\"><strong>Toda la informaci\u00f3n sobre las Jornadas y el env\u00edo de tus comunicaciones puedes realizarlo a trav\u00e9s de la web jocoenfer.coecadiz.com<\/strong><\/p>\n<p style=\"text-align: left;\"><strong>\u00a0Las Inscripciones a las Jornadas se abrir\u00e1n el pr\u00f3ximo 7 de septiembre<\/strong><\/p>\n<p style=\"text-align: left;\">Las III Jornadas sobre Conocimiento Enfermero, que se desarrollar\u00e1n en la Facultad de Filosof\u00eda y Letras, los d\u00edas 25 y 26 de octubre, pretenden ser un escaparate para mostrar a los profesionales la producci\u00f3n cient\u00edfica que se est\u00e1 generando en la provincia dentro del \u00e1mbito de la Enfermer\u00eda. A lo largo de estos dos d\u00edas, habr\u00e1 cabida para el debate, la exposici\u00f3n de trabajos y una conferencia de clausura.<\/p>\n<p style=\"text-align: left;\">\n<p style=\"text-align: left;\"><!--more--><\/p>\n<p style=\"text-align: left;\">En palabras del presidente del Colegio de Enfermer\u00eda de C\u00e1diz, Rafael Campos, el desarrollo de estas Jornadas nace tras la creaci\u00f3n de la Unidad de Promoci\u00f3n y Apoyo a la Investigaci\u00f3n,\u00a0 \u201cen nuestro Colegio vimos la necesidad de contar con un espacio de encuentro de profesionales interesados en la investigaci\u00f3n en Cuidados, tanto en su desarrollo,\u00a0 difusi\u00f3n como su aplicaci\u00f3n en la pr\u00e1ctica enfermera\u201d.<\/p>\n<p style=\"text-align: left;\">Las anteriores ediciones de estas Jornadas han contado con la participaci\u00f3n de referentes nacionales, as\u00ed como de instituciones de nuestro entorno relacionadas con la investigaci\u00f3n. En esta ocasi\u00f3n, el objetivo es reflejar y dar difusi\u00f3n a la importante producci\u00f3n cient\u00edfica enfermera de nuestra\u00a0provincia.<\/p>\n<p style=\"text-align: left;\">El lema de esta tercera edici\u00f3n es\u00a0<em>Compartir para Avanzar<\/em>\u00a0ya que tal como apunta Campos, \u201cdesde el inicio este ha sido el motor de nuestras Jornadas, consolidar un espacio anual de encuentro entre profesionales de nuestra provincia que en diferentes grados est\u00e1n implicados en procesos de investigaci\u00f3n. Desde investigadores con amplia experiencia a profesionales que est\u00e1n iniciando este camino dentro de su desarrollo profesional\u201d.<\/p>\n<p style=\"text-align: left;\">Con todo ello se pretende compartir las diferentes experiencias y visiones que permitan establecer sinergias, proyectos conjuntos y motivaci\u00f3n \u201cpara seguir avanzando en nuestro propio Conocimiento Enfermero y su aplicaci\u00f3n en beneficio de la sociedad\u201d.<\/p>\n<p style=\"text-align: left;\">Para ello es fundamental que los enfermeros gaditanos se animen a presentar sus trabajos y compartir sus resultados de investigaci\u00f3n con sus compa\u00f1eros . El requisito es que sean trabajos que hayan sido presentados a un evento cient\u00edfico en el periodo de 1 de enero de 2017 a 30 de junio de 2018. \u00c9stos pueden ser: presentados en un evento cient\u00edfico, publicados en\u00a0 revista cient\u00edfica, en la tesis doctoral, trabajo fin de M\u00e1ster o trabajo fin de EIR.<\/p>\n<p style=\"text-align: left;\">Previo al inicio de la jornada se realizar\u00e1n tres talleres a trav\u00e9s de los que se ofrecer\u00e1n las claves para realizar b\u00fasquedas bibliogr\u00e1ficas; c\u00f3mo buscar fuentes de financiaci\u00f3n y tres estrategias sencillas para lograr que la investigaci\u00f3n tenga impacto social. Las Inscripciones a las Jornadas se abrir\u00e1n el pr\u00f3ximo 7 de septiembre.<\/p>\n<p style=\"text-align: left;\"><strong>Conoce el<\/strong> <a href=\"https:\/\/coecadiz.com\/wp-content\/uploads\/2018\/07\/Programa-III-jornada-conocimiento-enfermero-ver-30-julio.pdf\"><strong>Programa Preliminar<\/strong><\/a><\/p>\n","protected":false},"excerpt":{"rendered":"<p>Si has participado con comunicaciones a un evento cient\u00edfico, has publicado tu trabajo en una revista cient\u00edfica, defendido tu tesis doctoral, trabajo fin de M\u00e1ster o trabajo fin de EIR en el periodo de 1 de enero de 2017 a 30 de junio de 2018, an\u00edmate a compartir tus resultados con el colectivo enfermero de<\/p><\/div>\n<div class=\"blog-btn\"><a href=\"https:\/\/jocoenfer.coecadiz.com\/?p=175\" class=\"home-blog-btn\">Leer m\u00e1s<\/a><\/p>\n","protected":false},"author":3,"featured_media":0,"comment_status":"open","ping_status":"closed","sticky":false,"template":"","format":"standard","meta":[],"categories":[1],"tags":[15,16,17,18,19,4,20],"_links":{"self":[{"href":"https:\/\/jocoenfer.coecadiz.com\/index.php?rest_route=\/wp\/v2\/posts\/175"}],"collection":[{"href":"https:\/\/jocoenfer.coecadiz.com\/index.php?rest_route=\/wp\/v2\/posts"}],"about":[{"href":"https:\/\/jocoenfer.coecadiz.com\/index.php?rest_route=\/wp\/v2\/types\/post"}],"author":[{"embeddable":true,"href":"https:\/\/jocoenfer.coecadiz.com\/index.php?rest_route=\/wp\/v2\/users\/3"}],"replies":[{"embeddable":true,"href":"https:\/\/jocoenfer.coecadiz.com\/index.php?rest_route=%2Fwp%2Fv2%2Fcomments&post=175"}],"version-history":[{"count":4,"href":"https:\/\/jocoenfer.coecadiz.com\/index.php?rest_route=\/wp\/v2\/posts\/175\/revisions"}],"predecessor-version":[{"id":180,"href":"https:\/\/jocoenfer.coecadiz.com\/index.php?rest_route=\/wp\/v2\/posts\/175\/revisions\/180"}],"wp:attachment":[{"href":"https:\/\/jocoenfer.coecadiz.com\/index.php?rest_route=%2Fwp%2Fv2%2Fmedia&parent=175"}],"wp:term":[{"taxonomy":"category","embeddable":true,"href":"https:\/\/jocoenfer.coecadiz.com\/index.php?rest_route=%2Fwp%2Fv2%2Fcategories&post=175"},{"taxonomy":"post_tag","embeddable":true,"href":"https:\/\/jocoenfer.coecadiz.com\/index.php?rest_route=%2Fwp%2Fv2%2Ftags&post=175"}],"curies":[{"name":"wp","href":"https:\/\/api.w.org\/{rel}","templated":true}]}}