{"id":382,"date":"2019-07-19T10:59:00","date_gmt":"2019-07-19T08:59:00","guid":{"rendered":"https:\/\/jocoenfer.coecadiz.com\/?p=382"},"modified":"2019-07-19T11:01:01","modified_gmt":"2019-07-19T09:01:01","slug":"los-trabajos-presentados-en-las-iv-jornadas-sobre-conocimiento-enfermero-se-difundiran-en-la-revista-paraninfo-digital","status":"publish","type":"post","link":"https:\/\/jocoenfer.coecadiz.com\/?p=382","title":{"rendered":"Los trabajos presentados en las IV Jornadas sobre Conocimiento Enfermero se difundir\u00e1n en la revista Paraninfo Digital"},"content":{"rendered":"<p><img loading=\"lazy\" class=\"size-medium wp-image-383 alignleft\" src=\"https:\/\/jocoenfer.coecadiz.com\/wp-content\/uploads\/2019\/07\/paraninfo-300x133.jpg\" alt=\"\" width=\"300\" height=\"133\" srcset=\"https:\/\/jocoenfer.coecadiz.com\/wp-content\/uploads\/2019\/07\/paraninfo-300x133.jpg 300w, https:\/\/jocoenfer.coecadiz.com\/wp-content\/uploads\/2019\/07\/paraninfo.jpg 450w\" sizes=\"(max-width: 300px) 100vw, 300px\" \/>Los enfermeros que vayan a presentar sus resultados de investigaci\u00f3n en las IV Jornadas sobre Conocimiento Enfermero est\u00e1n de enhorabuena, ya que no s\u00f3lo podr\u00e1n compartir sus trabajos con el colectivo enfermero de la provincia sino que adem\u00e1s podr\u00e1n hacerlo en una revista cient\u00edfica digital.<\/p>\n<p>Paraninfo Digital\u00a0es una publicaci\u00f3n peri\u00f3dica, de la Fundaci\u00f3n Index, que pretende difundir materiales que han sido presentados con anterioridad en reuniones cient\u00edficas para facilitar su difusi\u00f3n. Todo ello con el objetivo de contribuir a la universalizaci\u00f3n del conocimiento en cuidados de salud.<\/p>\n<p>Para adaptarnos a los formatos de publicaci\u00f3n de esta revista ha sido necesario modificar la normativa de presentaci\u00f3n de trabajos cuyas bases se pueden consultar en la web de las <a href=\"https:\/\/jocoenfer.coecadiz.com\/?page_id=107\">jornadas<\/a>. Los participantes deber\u00e1n remitir su trabajo eligiendo una de las dos v\u00edas habilitadas, rellenando la plantilla para resumen de trabajos ya publicados, o bien, haciendo uso de la plantilla para composici\u00f3n de comunicaci\u00f3n proveniente de Trabajo Fin de Grado (TFG), Trabajo Fin de M\u00e1ster (TFM) o Tesis Doctoral.<\/p>\n<p>Otra de las novedades es que se podr\u00e1n presentar los Trabajos Fin de Grado de dos cursos acad\u00e9micos, 2017\/2018 y 2018\/2019.<\/p>\n<p><strong>Sobre Paraninfo Digital<\/strong><\/p>\n<p>La revista Paraninfo Digital\u00a0est\u00e1 incluida en la base de datos\u00a0<a href=\"http:\/\/www.index-f.com\/busquedas.php\">CUIDEN<\/a>, en la\u00a0<a href=\"http:\/\/www.index-f.com\/hemeroteca.php\">Hemeroteca Cant\u00e1rida<\/a>\u00a0y en el fondo de revistas a texto completo\u00a0<a href=\"http:\/\/www.index-f.com\/cuidenplus\/cantaridaesmas.php\">SUMMA CUIDEN<\/a>. Adem\u00e1s, cuenta con \u00cdndice de Impacto en el repertorio\u00a0<a href=\"http:\/\/www.index-f.com\/cuiden_cit\/citacion.php\">CUIDEN CITACION<\/a>. Paraninfo Digital es miembro del Consejo Iberoamericano de Editores de Revistas de Enfermer\u00eda\u00a0<a href=\"http:\/\/www.index-f.com\/cibere.php\">CIBERE<\/a>.<\/p>\n","protected":false},"excerpt":{"rendered":"<p>Los enfermeros que vayan a presentar sus resultados de investigaci\u00f3n en las IV Jornadas sobre Conocimiento Enfermero est\u00e1n de enhorabuena, ya que no s\u00f3lo podr\u00e1n compartir sus trabajos con el colectivo enfermero de la provincia sino que adem\u00e1s podr\u00e1n hacerlo en una revista cient\u00edfica digital. Paraninfo Digital\u00a0es una publicaci\u00f3n peri\u00f3dica, de la Fundaci\u00f3n Index, que<\/p><\/div>\n<div class=\"blog-btn\"><a href=\"https:\/\/jocoenfer.coecadiz.com\/?p=382\" class=\"home-blog-btn\">Leer m\u00e1s<\/a><\/p>\n","protected":false},"author":3,"featured_media":0,"comment_status":"open","ping_status":"closed","sticky":false,"template":"","format":"standard","meta":[],"categories":[1],"tags":[39,13,27],"_links":{"self":[{"href":"https:\/\/jocoenfer.coecadiz.com\/index.php?rest_route=\/wp\/v2\/posts\/382"}],"collection":[{"href":"https:\/\/jocoenfer.coecadiz.com\/index.php?rest_route=\/wp\/v2\/posts"}],"about":[{"href":"https:\/\/jocoenfer.coecadiz.com\/index.php?rest_route=\/wp\/v2\/types\/post"}],"author":[{"embeddable":true,"href":"https:\/\/jocoenfer.coecadiz.com\/index.php?rest_route=\/wp\/v2\/users\/3"}],"replies":[{"embeddable":true,"href":"https:\/\/jocoenfer.coecadiz.com\/index.php?rest_route=%2Fwp%2Fv2%2Fcomments&post=382"}],"version-history":[{"count":1,"href":"https:\/\/jocoenfer.coecadiz.com\/index.php?rest_route=\/wp\/v2\/posts\/382\/revisions"}],"predecessor-version":[{"id":384,"href":"https:\/\/jocoenfer.coecadiz.com\/index.php?rest_route=\/wp\/v2\/posts\/382\/revisions\/384"}],"wp:attachment":[{"href":"https:\/\/jocoenfer.coecadiz.com\/index.php?rest_route=%2Fwp%2Fv2%2Fmedia&parent=382"}],"wp:term":[{"taxonomy":"category","embeddable":true,"href":"https:\/\/jocoenfer.coecadiz.com\/index.php?rest_route=%2Fwp%2Fv2%2Fcategories&post=382"},{"taxonomy":"post_tag","embeddable":true,"href":"https:\/\/jocoenfer.coecadiz.com\/index.php?rest_route=%2Fwp%2Fv2%2Ftags&post=382"}],"curies":[{"name":"wp","href":"https:\/\/api.w.org\/{rel}","templated":true}]}}