{"id":490,"date":"2023-08-17T11:41:43","date_gmt":"2023-08-17T09:41:43","guid":{"rendered":"https:\/\/jocoenfer.coecadiz.com\/?p=490"},"modified":"2023-09-12T16:45:51","modified_gmt":"2023-09-12T14:45:51","slug":"las-vi-jornadas-sobre-conocimiento-enfermero-se-volveran-a-celebrar-este-ano-el-2-y-3-de-noviembre","status":"publish","type":"post","link":"https:\/\/jocoenfer.coecadiz.com\/?p=490","title":{"rendered":"Las VI Jornadas sobre Conocimiento Enfermero\u00a0 se volver\u00e1n a celebrar este a\u00f1o el 2 y 3 de noviembre"},"content":{"rendered":"\n<p><img loading=\"lazy\" width=\"1810\" height=\"2560\" class=\"wp-image-494\" style=\"width: 150px;\" src=\"https:\/\/jocoenfer.coecadiz.com\/wp-content\/uploads\/2023\/08\/CARTEL-VI-JORNADA-CONOCIMIENTO-ENFERMERO-1-1-scaled.jpg\" alt=\"\" srcset=\"https:\/\/jocoenfer.coecadiz.com\/wp-content\/uploads\/2023\/08\/CARTEL-VI-JORNADA-CONOCIMIENTO-ENFERMERO-1-1-scaled.jpg 1810w, https:\/\/jocoenfer.coecadiz.com\/wp-content\/uploads\/2023\/08\/CARTEL-VI-JORNADA-CONOCIMIENTO-ENFERMERO-1-1-212x300.jpg 212w, https:\/\/jocoenfer.coecadiz.com\/wp-content\/uploads\/2023\/08\/CARTEL-VI-JORNADA-CONOCIMIENTO-ENFERMERO-1-1-724x1024.jpg 724w, https:\/\/jocoenfer.coecadiz.com\/wp-content\/uploads\/2023\/08\/CARTEL-VI-JORNADA-CONOCIMIENTO-ENFERMERO-1-1-768x1086.jpg 768w, https:\/\/jocoenfer.coecadiz.com\/wp-content\/uploads\/2023\/08\/CARTEL-VI-JORNADA-CONOCIMIENTO-ENFERMERO-1-1-1086x1536.jpg 1086w, https:\/\/jocoenfer.coecadiz.com\/wp-content\/uploads\/2023\/08\/CARTEL-VI-JORNADA-CONOCIMIENTO-ENFERMERO-1-1-1448x2048.jpg 1448w\" sizes=\"(max-width: 1810px) 100vw, 1810px\" \/><\/p>\n\n\n\n<p>Con la finalidad seguir mostrando la producci\u00f3n cient\u00edfica enfermera que se genera en la provincia, las VI Jornadas sobre Conocimiento Enfermero se celebrar\u00e1n \u00a0los d\u00edas 2 y 3 de noviembre en el Aula Magna de la Facultad de Filosof\u00eda y Letras de C\u00e1diz.<\/p>\n\n\n\n<p>En esta edici\u00f3n al tradicional lema que se ha conservado desde el inicio, \u201cCompartir para avanzar\u201d, se a\u00f1adido la frase \u201cavanzar para cuidar\u201d que es la esencia de la profesi\u00f3n, con ello, el Colegio de Enfermer\u00eda de C\u00e1diz vuelve a convocar a los profesionales enfermeros gaditanos y los anima a difundir y compartir sus resultados de investigaci\u00f3n. La invitaci\u00f3n a participar en estas Jornadas se realiza tanto a investigadores con amplia experiencia como a los que est\u00e9n iniciando este camino dentro de su desarrollo profesional.<\/p>\n\n\n\n<p>Desde hace siete a\u00f1os el Colegio cuenta con una Unidad de Promoci\u00f3n y Apoyo a la Investigaci\u00f3n Enfermera, y por la necesidad de promover un espacio de encuentro de profesionales interesados en la investigaci\u00f3n en Cuidados, tanto en su desarrollo, difusi\u00f3n, como en su aplicaci\u00f3n en la pr\u00e1ctica enfermera, nacieron estas Jornadas.<\/p>\n\n\n\n<!--more-->\n\n\n\n<p>Despu\u00e9s de una dura e inquietante pandemia que oblig\u00f3 a suspender todas las actividades presenciales, entre las que se encontraban estas Jornadas, el Colegio provincial las recupera con m\u00e1s ilusi\u00f3n que nunca y muestra de ello es que se ha ampliado el programa, de manera que para este a\u00f1o se est\u00e1 preparando toda una \u201cSemana del Conocimiento Enfermero\u201d.<\/p>\n\n\n\n<p>De este modo, la primera actividad tendr\u00e1 lugar durante la tarde del lunes 30 de octubre, se centrar\u00e1 en un aspecto que tanto preocupa como es la Salud Mental y estar\u00e1 dirigida, principalmente, a la poblaci\u00f3n y a los medios de comunicaci\u00f3n, ya que el objetivo es tratar de explicar los resultados de investigaci\u00f3n en cuidados en las personas con enfermedad mental y sus familias.<\/p>\n\n\n\n<p>Los talleres continuar\u00e1n el 31 de octubre, en horario de ma\u00f1ana y tarde, y estar\u00e1n dirigidos, por una parte, a los alumnos de Grado en Enfermer\u00eda y, por otro, a los propios asistentes a las Jornadas. Asimismo, durante la ma\u00f1ana del 2 de noviembre, previo a la celebraci\u00f3n de las Jornadas, tambi\u00e9n se celebrar\u00e1n otros dos talleres en los que se est\u00e1 trabajando.<\/p>\n\n\n\n<p>El prop\u00f3sito sigue siendo el mismo, \u00abCompartir para avanzar\u00bb porque, desde el inicio, \u00e9ste ha sido el motor de esta cita cient\u00edfica: consolidar un espacio anual de encuentro entre profesionales de la provincia que en diferentes grados est\u00e1n implicados en procesos de investigaci\u00f3n. Desde quienes acaban de terminar la carrera y se han iniciado en el mundo de la investigaci\u00f3n elaborando sus trabajos Fin de Grado, hasta investigadores con amplia experiencia que han realizado su tesis doctoral.<\/p>\n","protected":false},"excerpt":{"rendered":"<p>Con la finalidad seguir mostrando la producci\u00f3n cient\u00edfica enfermera que se genera en la provincia, las VI Jornadas sobre Conocimiento Enfermero se celebrar\u00e1n \u00a0los d\u00edas 2 y 3 de noviembre en el Aula Magna de la Facultad de Filosof\u00eda y Letras de C\u00e1diz. En esta edici\u00f3n al tradicional lema que se ha conservado desde el<\/p><\/div>\n<div class=\"blog-btn\"><a href=\"https:\/\/jocoenfer.coecadiz.com\/?p=490\" class=\"home-blog-btn\">Leer m\u00e1s<\/a><\/p>\n","protected":false},"author":3,"featured_media":0,"comment_status":"open","ping_status":"closed","sticky":false,"template":"","format":"standard","meta":[],"categories":[41],"tags":[],"_links":{"self":[{"href":"https:\/\/jocoenfer.coecadiz.com\/index.php?rest_route=\/wp\/v2\/posts\/490"}],"collection":[{"href":"https:\/\/jocoenfer.coecadiz.com\/index.php?rest_route=\/wp\/v2\/posts"}],"about":[{"href":"https:\/\/jocoenfer.coecadiz.com\/index.php?rest_route=\/wp\/v2\/types\/post"}],"author":[{"embeddable":true,"href":"https:\/\/jocoenfer.coecadiz.com\/index.php?rest_route=\/wp\/v2\/users\/3"}],"replies":[{"embeddable":true,"href":"https:\/\/jocoenfer.coecadiz.com\/index.php?rest_route=%2Fwp%2Fv2%2Fcomments&post=490"}],"version-history":[{"count":2,"href":"https:\/\/jocoenfer.coecadiz.com\/index.php?rest_route=\/wp\/v2\/posts\/490\/revisions"}],"predecessor-version":[{"id":541,"href":"https:\/\/jocoenfer.coecadiz.com\/index.php?rest_route=\/wp\/v2\/posts\/490\/revisions\/541"}],"wp:attachment":[{"href":"https:\/\/jocoenfer.coecadiz.com\/index.php?rest_route=%2Fwp%2Fv2%2Fmedia&parent=490"}],"wp:term":[{"taxonomy":"category","embeddable":true,"href":"https:\/\/jocoenfer.coecadiz.com\/index.php?rest_route=%2Fwp%2Fv2%2Fcategories&post=490"},{"taxonomy":"post_tag","embeddable":true,"href":"https:\/\/jocoenfer.coecadiz.com\/index.php?rest_route=%2Fwp%2Fv2%2Ftags&post=490"}],"curies":[{"name":"wp","href":"https:\/\/api.w.org\/{rel}","templated":true}]}}