{"id":534,"date":"2023-09-08T13:44:48","date_gmt":"2023-09-08T11:44:48","guid":{"rendered":"https:\/\/jocoenfer.coecadiz.com\/?p=534"},"modified":"2023-09-21T12:12:52","modified_gmt":"2023-09-21T10:12:52","slug":"el-colegio-provincial-prepara-la-semana-del-conocimiento-enfermero-del-30-de-octubre-al-3-de-noviembre","status":"publish","type":"post","link":"https:\/\/jocoenfer.coecadiz.com\/?p=534","title":{"rendered":"El Colegio provincial prepara la Semana del Conocimiento Enfermero del 30 de octubre al 3 de noviembre"},"content":{"rendered":"\n<p><strong>A partir del lunes, 11 de septiembre, estar\u00e1 disponible la web jocoenfer.coecadiz.com donde podr\u00e1 obtener toda la informaci\u00f3n, proceder al env\u00edo de comunicaciones y a las inscripciones<\/strong><\/p>\n\n\n\n<p><strong><a href=\"https:\/\/jocoenfer.coecadiz.com\/wp-content\/uploads\/2023\/09\/Programa-VI-JORNADAS-SOBRE-CONOCIMIENTO-ENFERMERO-1.pdf\">Ver programa<\/a><\/strong><\/p>\n\n\n\n<p><strong>Gema Freire.-&nbsp;<\/strong>Las VI Jornadas sobre Conocimiento Enfermero se celebrar\u00e1n en el Aula Magna de la Facultad de Filosof\u00eda y Letras de C\u00e1diz, los d\u00edas 2 y 3 de noviembre. Una vez m\u00e1s, el objetivo es mostrar a los profesionales la importante producci\u00f3n cient\u00edfica enfermera que se est\u00e1 generando en la provincia.<\/p>\n\n\n\n<p>Despu\u00e9s de una dura e inquietante pandemia que oblig\u00f3 a suspender todas las actividades presenciales, entre las que se encontraban estas Jornadas, el Colegio provincial las recupera con m\u00e1s ilusi\u00f3n que nunca y muestra de ello es que se ha ampliado el programa, de manera que para este a\u00f1o se est\u00e1 preparando toda una \u201cSemana del Conocimiento Enfermero\u201d.<\/p>\n\n\n\n<p>De este modo, la primera actividad tendr\u00e1 lugar durante la tarde del lunes 30 de octubre, se centrar\u00e1 en un aspecto que tanto preocupa como es la Salud Mental y que estar\u00e1 dirigida, principalmente, a la poblaci\u00f3n y a los medios de comunicaci\u00f3n, ya que el objetivo es tratar de explicar los resultados de investigaci\u00f3n en cuidados en las personas con enfermedad mental y sus familias.<\/p>\n\n\n\n<p>Los talleres previos a la Jornada arrancar\u00e1n la jornada del 31 de octubre, en horario de ma\u00f1ana. Para este d\u00eda se han programado dos actividades, un taller con el t\u00edtulo&nbsp;<em>Las redes sociales como herramienta en la investigaci\u00f3n enfermera<\/em>, impartido por la enfermera, experta en redes sociales, Teresa P\u00e9rez Jim\u00e9nez y otro titulada&nbsp;<em>Investigar para cuidar con excelencia los accesos vasculares,&nbsp;<\/em>ofrecido por el enfermero y creador de la App \u2018Cuidaven\u2019,&nbsp;<em>Jes\u00fas Bujalance Hoyos.<\/em><\/p>\n\n\n\n<!--more-->\n\n\n\n<p>Asimismo, durante la ma\u00f1ana del 2 de noviembre, se celebrar\u00e1n otros dos talleres, uno a cargo de Sonia Herrera Justicia donde se ofrecer\u00e1n las&nbsp;<em>Claves para la elaboraci\u00f3n de una infograf\u00eda y un p\u00f3ster cient\u00edfico y&nbsp;<\/em>otro sobre&nbsp;<em>Las redes sociales como herramienta en la investigaci\u00f3n enfermera,&nbsp;<\/em>dirigido a alumnos de Grado en Enfermer\u00eda e impartido por Teresa P\u00e9rez.<\/p>\n\n\n\n<p>El prop\u00f3sito sigue siendo el mismo,&nbsp;<em>Compartir para avanzar<\/em>&nbsp;porque, desde el inicio, \u00e9ste ha sido el motor de estas Jornadas: consolidar un espacio anual de encuentro entre profesionales de la provincia que en diferentes grados est\u00e1n implicados en procesos de investigaci\u00f3n. Desde quienes acaban de terminar la carrera y se han iniciado en el mundo de la investigaci\u00f3n elaborando sus trabajos Fin de Grado, hasta investigadores con amplia experiencia que han realizado su tesis doctoral.<\/p>\n\n\n\n<p>El lunes, 11 de septiembre, estar\u00e1 disponible una p\u00e1gina web donde podr\u00e1 encontrar toda la informaci\u00f3n y desde donde pondr\u00e1 inscribirse a las Jornadas, apuntarse a los talleres, consultar el programa, las bases para la presentaci\u00f3n de comunicaciones y enviar los trabajos.<\/p>\n\n\n\n<p><strong><a href=\"https:\/\/coecadiz.com\/wp-content\/uploads\/2023\/07\/CARTEL-VI-JORNADA-CONOCIMIENTO-ENFERMERO.jpg\"><\/a><\/strong><\/p>\n","protected":false},"excerpt":{"rendered":"<p>A partir del lunes, 11 de septiembre, estar\u00e1 disponible la web jocoenfer.coecadiz.com donde podr\u00e1 obtener toda la informaci\u00f3n, proceder al env\u00edo de comunicaciones y a las inscripciones Ver programa Gema Freire.-&nbsp;Las VI Jornadas sobre Conocimiento Enfermero se celebrar\u00e1n en el Aula Magna de la Facultad de Filosof\u00eda y Letras de C\u00e1diz, los d\u00edas 2 y<\/p><\/div>\n<div class=\"blog-btn\"><a href=\"https:\/\/jocoenfer.coecadiz.com\/?p=534\" class=\"home-blog-btn\">Leer m\u00e1s<\/a><\/p>\n","protected":false},"author":2,"featured_media":0,"comment_status":"open","ping_status":"closed","sticky":false,"template":"","format":"standard","meta":[],"categories":[1],"tags":[],"_links":{"self":[{"href":"https:\/\/jocoenfer.coecadiz.com\/index.php?rest_route=\/wp\/v2\/posts\/534"}],"collection":[{"href":"https:\/\/jocoenfer.coecadiz.com\/index.php?rest_route=\/wp\/v2\/posts"}],"about":[{"href":"https:\/\/jocoenfer.coecadiz.com\/index.php?rest_route=\/wp\/v2\/types\/post"}],"author":[{"embeddable":true,"href":"https:\/\/jocoenfer.coecadiz.com\/index.php?rest_route=\/wp\/v2\/users\/2"}],"replies":[{"embeddable":true,"href":"https:\/\/jocoenfer.coecadiz.com\/index.php?rest_route=%2Fwp%2Fv2%2Fcomments&post=534"}],"version-history":[{"count":5,"href":"https:\/\/jocoenfer.coecadiz.com\/index.php?rest_route=\/wp\/v2\/posts\/534\/revisions"}],"predecessor-version":[{"id":569,"href":"https:\/\/jocoenfer.coecadiz.com\/index.php?rest_route=\/wp\/v2\/posts\/534\/revisions\/569"}],"wp:attachment":[{"href":"https:\/\/jocoenfer.coecadiz.com\/index.php?rest_route=%2Fwp%2Fv2%2Fmedia&parent=534"}],"wp:term":[{"taxonomy":"category","embeddable":true,"href":"https:\/\/jocoenfer.coecadiz.com\/index.php?rest_route=%2Fwp%2Fv2%2Fcategories&post=534"},{"taxonomy":"post_tag","embeddable":true,"href":"https:\/\/jocoenfer.coecadiz.com\/index.php?rest_route=%2Fwp%2Fv2%2Ftags&post=534"}],"curies":[{"name":"wp","href":"https:\/\/api.w.org\/{rel}","templated":true}]}}