{"id":590,"date":"2023-10-10T09:55:40","date_gmt":"2023-10-10T07:55:40","guid":{"rendered":"https:\/\/jocoenfer.coecadiz.com\/?p=590"},"modified":"2023-10-10T09:57:20","modified_gmt":"2023-10-10T07:57:20","slug":"la-semana-del-conocimiento-enfermero-arrancara-con-una-jornada-de-salud-mental-dirigida-a-la-poblacion","status":"publish","type":"post","link":"https:\/\/jocoenfer.coecadiz.com\/?p=590","title":{"rendered":"La Semana del Conocimiento Enfermero arrancar\u00e1 con una Jornada de Salud Mental dirigida a la poblaci\u00f3n"},"content":{"rendered":"\n<div class=\"wp-block-media-text alignwide is-stacked-on-mobile\"><figure class=\"wp-block-media-text__media\"><img loading=\"lazy\" width=\"195\" height=\"300\" src=\"https:\/\/jocoenfer.coecadiz.com\/wp-content\/uploads\/2023\/10\/Cartel-Salud-Mental-195x300.jpg\" alt=\"\" class=\"wp-image-591 size-medium\" srcset=\"https:\/\/jocoenfer.coecadiz.com\/wp-content\/uploads\/2023\/10\/Cartel-Salud-Mental-195x300.jpg 195w, https:\/\/jocoenfer.coecadiz.com\/wp-content\/uploads\/2023\/10\/Cartel-Salud-Mental-666x1024.jpg 666w, https:\/\/jocoenfer.coecadiz.com\/wp-content\/uploads\/2023\/10\/Cartel-Salud-Mental-768x1182.jpg 768w, https:\/\/jocoenfer.coecadiz.com\/wp-content\/uploads\/2023\/10\/Cartel-Salud-Mental-998x1536.jpg 998w, https:\/\/jocoenfer.coecadiz.com\/wp-content\/uploads\/2023\/10\/Cartel-Salud-Mental.jpg 1300w\" sizes=\"(max-width: 195px) 100vw, 195px\" \/><\/figure><div class=\"wp-block-media-text__content\">\n<p><strong>La actividad, organizada por el Colegio provincial y la Asociaci\u00f3n Espa\u00f1ola de Enfermer\u00eda de Salud Mental se desarrollar\u00e1 el 30 de octubre, de 17 a 20:30 horas, en el sal\u00f3n de actos de la Facultad de Enfermer\u00eda y Fisioterapia de C\u00e1diz<\/strong><\/p>\n\n\n\n<p><strong><a href=\"https:\/\/jocoenfer.coecadiz.com\/wp-content\/uploads\/2023\/10\/Programa-Jornada-Salud-Mental.pdf\">Ver programa<\/a><\/strong><\/p>\n<\/div><\/div>\n\n\n\n<p>Gema Freire.- Despu\u00e9s de una dura pandemia que oblig\u00f3 a suspender todas las actividades presenciales, entre las que se encontraban las Jornadas sobre Conocimiento Enfermero, el Colegio de Enfermer\u00eda de C\u00e1diz las recupera con m\u00e1s ilusi\u00f3n que nunca y muestra de ello es que se ha ampliado el programa, de manera que para este a\u00f1o se est\u00e1 preparando toda una \u201cSemana del Conocimiento Enfermero\u201d que se desarrollar\u00e1 del 30 de octubre al 3 de noviembre.<\/p>\n\n\n\n<p>De este modo, el programa de actividades se iniciar\u00e1 con una Jornada dirigida a la poblaci\u00f3n general, asociaciones de pacientes y medios de comunicaci\u00f3n en la que se mostrar\u00e1n los resultados de la investigaci\u00f3n aplicados a los pacientes de salud mental y sus familias. La idea fundamental es difundir la pr\u00e1ctica cl\u00ednica basada en la evidencia y para ello se ha contado con la colaboraci\u00f3n de la Asociaci\u00f3n Espa\u00f1ola de Enfermer\u00eda de Salud Mental (AEESME) en el dise\u00f1o de esta actividad y con la participaci\u00f3n del presidente de la Confederaci\u00f3n de Salud Mental en Espa\u00f1a, Nel Angelo Gonz\u00e1lez Zapico en una de las mesas. Esta sesi\u00f3n se celebrar\u00e1 el 30 de octubre, de 17 a 20:30 horas, en el sal\u00f3n de actos de la Facultad de Enfermer\u00eda y Fisioterapia de C\u00e1diz.<\/p>\n\n\n\n<!--more-->\n\n\n\n<p>A lo largo de esta Jornada se abordar\u00e1n, entre otros temas, la mortalidad prematura por trastornos mentales en Espa\u00f1a durante el periodo 2016-2020, lo que se hace y lo que se espera en los cuidados de Salud Mental o el programa antiestigma para el profesorado de centros educativos.<\/p>\n\n\n\n<p>Los profesionales de Enfermer\u00eda en Salud Mental han sufrido una transformaci\u00f3n dr\u00e1stica en los \u00faltimos 40 a\u00f1os. Y estos cambios principalmente se han materializado por el propio cambio de modelo, donde los usuarios de los servicios de salud mental y las familias han adquirido un mayor protagonismo, una mayor visibilidad, as\u00ed como una mayor relevancia en todo lo que tiene que ver con la toma de decisiones cl\u00ednicas, de ah\u00ed que esta Jornada est\u00e9 dirigida a las asociaciones de pacientes y a la poblaci\u00f3n en general.<\/p>\n\n\n\n<p>El enfermero especialista en Salud Mental es el profesional sanitario que, con una actitud cient\u00edfica, responsable y utilizando los medios cl\u00ednicos y tecnol\u00f3gicos existentes, proporciona una atenci\u00f3n especializada en Salud Mental mediante la prestaci\u00f3n de cuidados de Enfermer\u00eda. Sin embargo, se percibe a\u00fan mucho desconocimiento en cuanto a su gran potencial y sus competencias, derivado probablemente de la falta de reconocimiento por parte de las administraciones.<\/p>\n\n\n\n<p>Por estos motivos, el Colegio de Enfermer\u00eda de C\u00e1diz ha decidido apostar por visibilizar y apoyar esta especialidad enfermera, y muestra de ello es el Encuentro de Enfermer\u00eda de Salud Mental celebrado el pasado mes de junio en C\u00e1diz y que se haya decidido comenzar la Semana del Conocimiento Enfermero con esta Jornada abierta a la poblaci\u00f3n.<\/p>\n","protected":false},"excerpt":{"rendered":"<p>La actividad, organizada por el Colegio provincial y la Asociaci\u00f3n Espa\u00f1ola de Enfermer\u00eda de Salud Mental se desarrollar\u00e1 el 30 de octubre, de 17 a 20:30 horas, en el sal\u00f3n de actos de la Facultad de Enfermer\u00eda y Fisioterapia de C\u00e1diz Ver programa Gema Freire.- Despu\u00e9s de una dura pandemia que oblig\u00f3 a suspender todas<\/p><\/div>\n<div class=\"blog-btn\"><a href=\"https:\/\/jocoenfer.coecadiz.com\/?p=590\" class=\"home-blog-btn\">Leer m\u00e1s<\/a><\/p>\n","protected":false},"author":2,"featured_media":0,"comment_status":"open","ping_status":"closed","sticky":false,"template":"","format":"standard","meta":[],"categories":[41],"tags":[43,44,42],"_links":{"self":[{"href":"https:\/\/jocoenfer.coecadiz.com\/index.php?rest_route=\/wp\/v2\/posts\/590"}],"collection":[{"href":"https:\/\/jocoenfer.coecadiz.com\/index.php?rest_route=\/wp\/v2\/posts"}],"about":[{"href":"https:\/\/jocoenfer.coecadiz.com\/index.php?rest_route=\/wp\/v2\/types\/post"}],"author":[{"embeddable":true,"href":"https:\/\/jocoenfer.coecadiz.com\/index.php?rest_route=\/wp\/v2\/users\/2"}],"replies":[{"embeddable":true,"href":"https:\/\/jocoenfer.coecadiz.com\/index.php?rest_route=%2Fwp%2Fv2%2Fcomments&post=590"}],"version-history":[{"count":2,"href":"https:\/\/jocoenfer.coecadiz.com\/index.php?rest_route=\/wp\/v2\/posts\/590\/revisions"}],"predecessor-version":[{"id":594,"href":"https:\/\/jocoenfer.coecadiz.com\/index.php?rest_route=\/wp\/v2\/posts\/590\/revisions\/594"}],"wp:attachment":[{"href":"https:\/\/jocoenfer.coecadiz.com\/index.php?rest_route=%2Fwp%2Fv2%2Fmedia&parent=590"}],"wp:term":[{"taxonomy":"category","embeddable":true,"href":"https:\/\/jocoenfer.coecadiz.com\/index.php?rest_route=%2Fwp%2Fv2%2Fcategories&post=590"},{"taxonomy":"post_tag","embeddable":true,"href":"https:\/\/jocoenfer.coecadiz.com\/index.php?rest_route=%2Fwp%2Fv2%2Ftags&post=590"}],"curies":[{"name":"wp","href":"https:\/\/api.w.org\/{rel}","templated":true}]}}